{"id":233,"date":"2017-10-02T16:06:37","date_gmt":"2017-10-02T14:06:37","guid":{"rendered":"https:\/\/archiliturgique.fr\/?p=233"},"modified":"2017-10-02T16:06:37","modified_gmt":"2017-10-02T14:06:37","slug":"definitions-selon-mediator-dei","status":"publish","type":"post","link":"https:\/\/archiliturgique.fr\/index.php\/definitions-selon-mediator-dei\/","title":{"rendered":"D\u00e9finitions selon Mediator Dei"},"content":{"rendered":"<p>Le Pape Pie XII (1876-1958), intervient sur cette question en publiant en 1947 l\u2019encyclique Mediator Dei. Il r\u00e9pond ainsi \u00e0 cette question\u00a0: qu\u2019est-ce que la liturgie\u00a0? L\u2019encyclique d\u00e9finit la liturgie comme \u00e9tant l\u2019exercice de la fonction sacerdotale du Christ, \u00ab\u00a0le culte public que notre R\u00e9dempteur rend au P\u00e8re comme Chef de l\u2019\u00c9glise<a href=\"#_ftn1\" name=\"_ftnref1\"><sup>[1]<\/sup><\/a>\u00a0\u00bb. Le Pape rajoute \u00e0 cette premi\u00e8re d\u00e9finition que \u00ab\u00a0c\u2019est aussi le culte\u00a0 rendu par la soci\u00e9t\u00e9 des fid\u00e8les \u00e0 son chef et, par lui, au P\u00e8re \u00e9ternel : c\u2019est, en un mot, le culte int\u00e9gral du Corps mystique de J\u00e9sus- Christ, c\u2019est-\u00e0-dire du Chef et de ses membres\u00a0<a href=\"#_ftn2\" name=\"_ftnref2\"><sup>[2]<\/sup><\/a>\u00bb.<\/p>\n<p>Ainsi la liturgie permet de r\u00e9aliser le culte rendu au P\u00e8re par le Christ et d\u2019\u00eatre, par communication, le culte de l\u2019Eglise. \u00ab\u00a0La liturgie, de par sa nature profonde, est sacramentelle, car elle est toujours signe d\u2019une pr\u00e9sence effective du Christ<a href=\"#_ftn3\" name=\"_ftnref3\"><sup>[3]<\/sup><\/a>.\u00bb<\/p>\n<p>L\u2019homme trouve concr\u00e8tement sa sanctification par sa participation aux myst\u00e8res du salut, au moyen des sacrements qui rendent le Christ pr\u00e9sent dans la liturgie.<\/p>\n<p><a href=\"#_ftnref1\" name=\"_ftn1\"><sup>[1]<\/sup><\/a>\u200a. Pie XII, Lettre encyclique Mediator Dei de S. S. Pie XII sur la sainte liturgie, D\u2019apr\u00e8s le texte latin des A. A. S., XXXIX; traduction fran\u00e7aise officielle publi\u00e9e dans la Documentation Catholique, t. XLV, col. 193,\u00a0 1947, p. 7.<\/p>\n<p><a href=\"#_ftnref2\" name=\"_ftn2\"><sup>[2]<\/sup><\/a>\u200a. Ibid., p.8.<\/p>\n<p><a href=\"#_ftnref3\" name=\"_ftn3\"><sup>[3]<\/sup><\/a>\u200a. Salvatore Marsili, \u00ab Liturgie\u00bb, p. 631.<\/p>\n<p>&nbsp;<\/p>\n","protected":false},"excerpt":{"rendered":"<p>Le Pape Pie XII (1876-1958), intervient sur cette question en publiant en 1947 l\u2019encyclique Mediator Dei. Il r\u00e9pond ainsi \u00e0 cette question\u00a0: qu\u2019est-ce que la liturgie\u00a0? L\u2019encyclique d\u00e9finit la liturgie comme \u00e9tant l\u2019exercice de la fonction sacerdotale du Christ, \u00ab\u00a0le culte public que notre R\u00e9dempteur rend au P\u00e8re comme Chef de l\u2019\u00c9glise[1]\u00a0\u00bb. Le Pape rajoute [&hellip;]<\/p>\n","protected":false},"author":1,"featured_media":0,"comment_status":"open","ping_status":"closed","sticky":false,"template":"","format":"standard","meta":{"_mi_skip_tracking":false,"footnotes":""},"categories":[39,130],"tags":[136],"class_list":["post-233","post","type-post","status-publish","format-standard","hentry","category-documents-officiels","category-definitions","tag-mediator-dei"],"_links":{"self":[{"href":"https:\/\/archiliturgique.fr\/index.php\/wp-json\/wp\/v2\/posts\/233"}],"collection":[{"href":"https:\/\/archiliturgique.fr\/index.php\/wp-json\/wp\/v2\/posts"}],"about":[{"href":"https:\/\/archiliturgique.fr\/index.php\/wp-json\/wp\/v2\/types\/post"}],"author":[{"embeddable":true,"href":"https:\/\/archiliturgique.fr\/index.php\/wp-json\/wp\/v2\/users\/1"}],"replies":[{"embeddable":true,"href":"https:\/\/archiliturgique.fr\/index.php\/wp-json\/wp\/v2\/comments?post=233"}],"version-history":[{"count":1,"href":"https:\/\/archiliturgique.fr\/index.php\/wp-json\/wp\/v2\/posts\/233\/revisions"}],"predecessor-version":[{"id":234,"href":"https:\/\/archiliturgique.fr\/index.php\/wp-json\/wp\/v2\/posts\/233\/revisions\/234"}],"wp:attachment":[{"href":"https:\/\/archiliturgique.fr\/index.php\/wp-json\/wp\/v2\/media?parent=233"}],"wp:term":[{"taxonomy":"category","embeddable":true,"href":"https:\/\/archiliturgique.fr\/index.php\/wp-json\/wp\/v2\/categories?post=233"},{"taxonomy":"post_tag","embeddable":true,"href":"https:\/\/archiliturgique.fr\/index.php\/wp-json\/wp\/v2\/tags?post=233"}],"curies":[{"name":"wp","href":"https:\/\/api.w.org\/{rel}","templated":true}]}}