{"id":235,"date":"2017-10-02T16:07:04","date_gmt":"2017-10-02T14:07:04","guid":{"rendered":"https:\/\/archiliturgique.fr\/?p=235"},"modified":"2017-10-02T16:07:04","modified_gmt":"2017-10-02T14:07:04","slug":"definitions-de-la-liturgie-par-vatican-ii","status":"publish","type":"post","link":"https:\/\/archiliturgique.fr\/index.php\/definitions-de-la-liturgie-par-vatican-ii\/","title":{"rendered":"D\u00e9finitions de la liturgie par Vatican II."},"content":{"rendered":"<p>Pour le Pape Jean XXIII (1881-1963), la liturgie devait \u00eatre\u00a0 le premier et principal sujet de discussion du concile. De fait, le premier document approuv\u00e9 par Vatican II a \u00e9t\u00e9 la constitution Sacrosanctum Concilium en 1963, qui concerne la Liturgie Sacr\u00e9. Cette constitution suit la pens\u00e9 de Mediator Dei\u00a0: la liturgie en tant que continuit\u00e9 du myst\u00e8re de l\u2019incarnation,\u00a0 l\u2019union entre\u00a0 l\u2019homme et Dieu et Dieu et les hommes. Le Concile, en affirmant la pr\u00e9sence du Christ aupr\u00e8s de son Eglise, affirme sa pr\u00e9sence \u00e0 travers ses actions liturgiques.<\/p>\n<p>\u00ab\u00a0Il est l\u00e0 pr\u00e9sent dans le sacrifice de la messe, et dans la personne du ministre [\u2026] et, au plus haut degr\u00e9, sous les esp\u00e8ces eucharistiques. Il est pr\u00e9sent, par sa puissance, dans les sacrements au point que lorsque quelqu\u2019un baptise, c\u2019est le Christ lui-m\u00eame qui baptise.\u00a0<a href=\"#_ftn1\" name=\"_ftnref1\"><sup>[1]<\/sup><\/a>\u00bb<\/p>\n<p>L\u2019article indique que le Christ n\u2019est pas seulement pr\u00e9sent au travers des sacrements, mais \u00e9galement dans sa Parole, car c\u2019est lui qui parle tandis qu\u2019on lit dans l\u2019\u00c9glise les Saintes \u00c9critures<a href=\"#_ftn2\" name=\"_ftnref2\"><sup>[2]<\/sup><\/a>. Mais aussi dans l\u2019Assembl\u00e9e elle-m\u00eame car \u00ab L\u00e0 o\u00f9 deux ou trois sont rassembl\u00e9s en mon nom, je suis l\u00e0, au milieu d\u2019eux \u00bb (Mt 18, 20).<\/p>\n<p>C\u2019est de mani\u00e8re insistante que le Concile invite les fid\u00e8les en tant que peuple de Dieu \u00e0 prendre, sous la direction et la pr\u00e9sidence du sacerdoce minist\u00e9riel, une part active \u00e0 la Liturgie.<\/p>\n<p>Le Concile compl\u00e8te l\u2019encyclique de Mediator Dei en pr\u00e9cisant que l\u2019\u0153uvre de sanctification de l\u2019homme est signifi\u00e9 \u00e9galement par les signes sensibles de la liturgie.<a href=\"#_ftn3\" name=\"_ftnref3\"><sup>[3]<\/sup><\/a><\/p>\n<p><a href=\"#_ftnref1\" name=\"_ftn1\"><sup>[1]<\/sup><\/a>\u200a. Constitution sur la sainte liturgie<em> Sacrosanctum Concilium<\/em>, n.7.<\/p>\n<p><a href=\"#_ftnref2\" name=\"_ftn2\"><sup>[2]<\/sup><\/a>\u200a. Ibid.<\/p>\n<p><a href=\"#_ftnref3\" name=\"_ftn3\"><sup>[3]<\/sup><\/a>\u200a. Ibid.<\/p>\n","protected":false},"excerpt":{"rendered":"<p>Pour le Pape Jean XXIII (1881-1963), la liturgie devait \u00eatre\u00a0 le premier et principal sujet de discussion du concile. De fait, le premier document approuv\u00e9 par Vatican II a \u00e9t\u00e9 la constitution Sacrosanctum Concilium en 1963, qui concerne la Liturgie Sacr\u00e9. Cette constitution suit la pens\u00e9 de Mediator Dei\u00a0: la liturgie en tant que continuit\u00e9 [&hellip;]<\/p>\n","protected":false},"author":1,"featured_media":0,"comment_status":"open","ping_status":"closed","sticky":false,"template":"","format":"standard","meta":{"_mi_skip_tracking":false,"footnotes":""},"categories":[39,38,130],"tags":[],"class_list":["post-235","post","type-post","status-publish","format-standard","hentry","category-documents-officiels","category-vatican-ii","category-definitions"],"_links":{"self":[{"href":"https:\/\/archiliturgique.fr\/index.php\/wp-json\/wp\/v2\/posts\/235"}],"collection":[{"href":"https:\/\/archiliturgique.fr\/index.php\/wp-json\/wp\/v2\/posts"}],"about":[{"href":"https:\/\/archiliturgique.fr\/index.php\/wp-json\/wp\/v2\/types\/post"}],"author":[{"embeddable":true,"href":"https:\/\/archiliturgique.fr\/index.php\/wp-json\/wp\/v2\/users\/1"}],"replies":[{"embeddable":true,"href":"https:\/\/archiliturgique.fr\/index.php\/wp-json\/wp\/v2\/comments?post=235"}],"version-history":[{"count":1,"href":"https:\/\/archiliturgique.fr\/index.php\/wp-json\/wp\/v2\/posts\/235\/revisions"}],"predecessor-version":[{"id":236,"href":"https:\/\/archiliturgique.fr\/index.php\/wp-json\/wp\/v2\/posts\/235\/revisions\/236"}],"wp:attachment":[{"href":"https:\/\/archiliturgique.fr\/index.php\/wp-json\/wp\/v2\/media?parent=235"}],"wp:term":[{"taxonomy":"category","embeddable":true,"href":"https:\/\/archiliturgique.fr\/index.php\/wp-json\/wp\/v2\/categories?post=235"},{"taxonomy":"post_tag","embeddable":true,"href":"https:\/\/archiliturgique.fr\/index.php\/wp-json\/wp\/v2\/tags?post=235"}],"curies":[{"name":"wp","href":"https:\/\/api.w.org\/{rel}","templated":true}]}}