{"id":281,"date":"2018-02-07T16:49:51","date_gmt":"2018-02-07T15:49:51","guid":{"rendered":"https:\/\/archiliturgique.fr\/?p=281"},"modified":"2018-02-07T16:49:51","modified_gmt":"2018-02-07T15:49:51","slug":"la-beaute-de-lart-sacre-cec","status":"publish","type":"post","link":"https:\/\/archiliturgique.fr\/index.php\/la-beaute-de-lart-sacre-cec\/","title":{"rendered":"La beaut\u00e9 de l\u2019art sacr\u00e9 &#8211; CEC"},"content":{"rendered":"<p><strong>Le Cat\u00e9chisme de l\u2019Eglise Catholique souligne aussi la n\u00e9cessit\u00e9 de promouvoir la beaut\u00e9 de l\u2019art sacr\u00e9<\/strong><\/p>\n<ul>\n<li>TROISIEME PARTIE LA VIE DANS LE CHRIST\n<ul>\n<li>DEUXI\u00c8ME SECTION LES DIX COMMANDEMENTS\n<ul>\n<li>CHAPITRE DEUXIEME &#8221;\u00a0TU AIMERAS TON PROCHAIN COMME TOI-MEME\u00a0&#8221;\n<ul>\n<li>Article 8 LE HUITIEME COMMANDEMENT\n<ul>\n<li>V\u00e9rit\u00e9, Beaut\u00e9 et Art sacr\u00e9<\/li>\n<li><\/li>\n<\/ul>\n<\/li>\n<li>2501&#8243;\u00a0Cr\u00e9\u00e9 \u00e0 l\u2019image de Dieu\u00a0&#8221; (Gn 1, 26), l\u2019homme exprime aussi la v\u00e9rit\u00e9 de son rapport \u00e0 Dieu Cr\u00e9ateur par la beaut\u00e9 de ses \u0153uvres artistiques. L\u2019<em>art<\/em>, en effet, est une forme d\u2019expression proprement humaine\u00a0; au de-l\u00e0 de la recherche des n\u00e9cessit\u00e9s vitales commune \u00e0 toutes les cr\u00e9atures vivantes, il est une surabondance gratuite de la richesse int\u00e9rieure de l\u2019\u00eatre humain. Surgissant d\u2019un talent donn\u00e9 par le Cr\u00e9ateur et de l\u2019effort de l\u2019homme lui-m\u00eame, l\u2019art est une forme de sagesse pratique, unissant connaissance et savoir-faire (Sg 7, 18) pour donner forme \u00e0 la v\u00e9rit\u00e9 d\u2019une r\u00e9alit\u00e9 dans le langage accessible \u00e0 la vue ou \u00e0 l\u2019ou\u00efe. L\u2019art comporte ainsi une certaine similitude avec l\u2019activit\u00e9 de Dieu dans le cr\u00e9\u00e9, dans la mesure o\u00f9 il s\u2019inspire de la v\u00e9rit\u00e9 et de l\u2019amour des \u00eatres. Pas plus qu\u2019aucune autre activit\u00e9 humaine, l\u2019art n\u2019a en lui-m\u00eame sa fin absolue, mais il est ordonn\u00e9 et anobli par la fin ultime de l\u2019homme (cf. Pie XII, discours 25 d\u00e9cembre 1955 et discours 3 septembre 1950).<\/li>\n<li>2502L\u2019<em>art sacr\u00e9\u00a0<\/em>est vrai et beau, quand il correspond par sa forme \u00e0 sa vocation propre\u00a0: \u00e9voquer et glorifier, dans la Foi et l\u2019adoration, le Myst\u00e8re transcendant de Dieu, Beaut\u00e9 Sur\u00e9minente Invisible de V\u00e9rit\u00e9 et d\u2019Amour, apparue dans le Christ, &#8221;\u00a0Resplendissement de Sa gloire, Effigie de Sa Substance\u00a0&#8221; (He 1, 3), en Qui &#8221;\u00a0habite corporellement toute la Pl\u00e9nitude de la Divinit\u00e9\u00a0&#8221; (Col 2, 9), beaut\u00e9 spirituelle r\u00e9fract\u00e9e dans la tr\u00e8s Sainte Vierge M\u00e8re de Dieu, les Anges et les Saints. L\u2019art sacr\u00e9 v\u00e9ritable porte l\u2019homme \u00e0 l\u2019adoration, \u00e0 la pri\u00e8re et \u00e0 l\u2019amour de Dieu Cr\u00e9ateur et Sauveur, Saint et Sanctificateur.<\/li>\n<li>2503C\u2019est pourquoi les \u00e9v\u00eaques doivent, par eux-m\u00eames ou par d\u00e9l\u00e9gation, veiller \u00e0 promouvoir l\u2019art sacr\u00e9, ancien et nouveau, sous toutes ses formes, et \u00e0 \u00e9carter, avec le m\u00eame soin religieux, de la liturgie et des \u00e9difices du culte, tout ce qui n\u2019est pas conforme \u00e0 la v\u00e9rit\u00e9 de la Foi et \u00e0 l\u2019authentique beaut\u00e9 de l\u2019art\u00a0<em>sacr\u00e9<\/em>(cf. SC 122-127).<\/li>\n<\/ul>\n<\/li>\n<\/ul>\n<\/li>\n<\/ul>\n<\/li>\n<\/ul>\n","protected":false},"excerpt":{"rendered":"<p>Le Cat\u00e9chisme de l\u2019Eglise Catholique souligne aussi la n\u00e9cessit\u00e9 de promouvoir la beaut\u00e9 de l\u2019art sacr\u00e9 TROISIEME PARTIE LA VIE DANS LE CHRIST DEUXI\u00c8ME SECTION LES DIX COMMANDEMENTS CHAPITRE DEUXIEME &#8221;\u00a0TU AIMERAS TON PROCHAIN COMME TOI-MEME\u00a0&#8221; Article 8 LE HUITIEME COMMANDEMENT V\u00e9rit\u00e9, Beaut\u00e9 et Art sacr\u00e9 2501&#8243;\u00a0Cr\u00e9\u00e9 \u00e0 l\u2019image de Dieu\u00a0&#8221; (Gn 1, 26), l\u2019homme [&hellip;]<\/p>\n","protected":false},"author":1,"featured_media":0,"comment_status":"open","ping_status":"closed","sticky":false,"template":"","format":"standard","meta":{"_mi_skip_tracking":false,"footnotes":""},"categories":[39,146],"tags":[148,150,151,152],"class_list":["post-281","post","type-post","status-publish","format-standard","hentry","category-documents-officiels","category-cec","tag-catechisme","tag-eglise","tag-art-sacre","tag-art"],"_links":{"self":[{"href":"https:\/\/archiliturgique.fr\/index.php\/wp-json\/wp\/v2\/posts\/281"}],"collection":[{"href":"https:\/\/archiliturgique.fr\/index.php\/wp-json\/wp\/v2\/posts"}],"about":[{"href":"https:\/\/archiliturgique.fr\/index.php\/wp-json\/wp\/v2\/types\/post"}],"author":[{"embeddable":true,"href":"https:\/\/archiliturgique.fr\/index.php\/wp-json\/wp\/v2\/users\/1"}],"replies":[{"embeddable":true,"href":"https:\/\/archiliturgique.fr\/index.php\/wp-json\/wp\/v2\/comments?post=281"}],"version-history":[{"count":1,"href":"https:\/\/archiliturgique.fr\/index.php\/wp-json\/wp\/v2\/posts\/281\/revisions"}],"predecessor-version":[{"id":282,"href":"https:\/\/archiliturgique.fr\/index.php\/wp-json\/wp\/v2\/posts\/281\/revisions\/282"}],"wp:attachment":[{"href":"https:\/\/archiliturgique.fr\/index.php\/wp-json\/wp\/v2\/media?parent=281"}],"wp:term":[{"taxonomy":"category","embeddable":true,"href":"https:\/\/archiliturgique.fr\/index.php\/wp-json\/wp\/v2\/categories?post=281"},{"taxonomy":"post_tag","embeddable":true,"href":"https:\/\/archiliturgique.fr\/index.php\/wp-json\/wp\/v2\/tags?post=281"}],"curies":[{"name":"wp","href":"https:\/\/api.w.org\/{rel}","templated":true}]}}