{"id":292,"date":"2018-02-07T16:59:20","date_gmt":"2018-02-07T15:59:20","guid":{"rendered":"https:\/\/archiliturgique.fr\/?p=292"},"modified":"2018-02-07T16:59:20","modified_gmt":"2018-02-07T15:59:20","slug":"la-croix","status":"publish","type":"post","link":"https:\/\/archiliturgique.fr\/index.php\/la-croix\/","title":{"rendered":"La Croix"},"content":{"rendered":"<p>De m\u00eame, sur l\u2019autel ou \u00e0 proximit\u00e9, bien visible pour le peuple assembl\u00e9, il y aura une croix portant l\u2019image du Christ crucifi\u00e9. Il est pr\u00e9f\u00e9rable que cette croix, qui rappelle \u00e0 l\u2019esprit des fid\u00e8les la passion salutaire du Seigneur, reste pr\u00e8s de l\u2019autel m\u00eame en dehors des c\u00e9l\u00e9brations liturgiques<a href=\"#_ftn1\" name=\"_ftnref1\">[1]<\/a>.<\/p>\n<blockquote><p>\u00ab La croix et les chandeliers, qui sont requis sur l\u2019autel pour chaque action liturgique, peuvent aussi, au jugement de l\u2019Ordinaire du lieu, \u00eatre plac\u00e9s en dehors de l\u2019autel \u00bb (Instruction, art 94).<\/p><\/blockquote>\n<p>Le code des rubriques prescrit que pour la c\u00e9l\u00e9bration de la messe il y ait \u00ab sur l\u2019autel au milieu une croix assez grande avec le Crucifi\u00e9 \u00bb (C.R. n. 527) et le C\u00e9r\u00e9monial des \u00e9v\u00eaques pr\u00e9cise que \u00ab l\u2019image du Crucifi\u00e9 doit \u00eatre tourn\u00e9e vers la table de l\u2019autel \u00bb (C. E., liv. 1, c. 12, n. 11).<\/p>\n<p>La remarque du C\u00e9r\u00e9monial est d\u2019autant plus importante que celui-ci d\u00e9crit la messe \u00e9piscopale en fonction de la c\u00e9l\u00e9bration face au peuple.<\/p>\n<p>La commission \u00e9piscopale liturgique ajoute\u00a0 \u00ab\u00a0Comme la disposition de la croix face au c\u00e9l\u00e9brant peut g\u00eaner la visibilit\u00e9 des fid\u00e8les, sp\u00e9cialement au moment de l\u2019\u00e9l\u00e9vation et au Per Ipsum, l\u2019Ordinaire du lieu peut permettre que la croix soit d\u00e9sormais plac\u00e9e non plus sur l\u2019autel,<\/p>\n<p>mais en dehors, soit que son pied repose sur le dallage du sanctuaire, soit qu\u2019on la suspende.<\/p>\n<p>Dans les m\u00eames conditions, on pourrait admettre que la croix ne soit plus plac\u00e9e au milieu de l\u2019autel, mais qu\u2019elle soit un peu \u00e9cart\u00e9e \u00e0 droite ou \u00e0 gauche, toujours cependant devant l\u2019autel.<a href=\"#_ftn2\" name=\"_ftnref2\">[2]<\/a>\u00a0\u00bb<\/p>\n<p><a href=\"#_ftnref1\" name=\"_ftn1\">[1]<\/a> PGMR\u00a0: 308.<\/p>\n<p><a href=\"#_ftnref2\" name=\"_ftn2\">[2]<\/a> CEL, Le renouveau liturgique et la disposition des \u00e9glises, Directives pratiques, 1965, p.11.<\/p>\n<p>&nbsp;<\/p>\n","protected":false},"excerpt":{"rendered":"<p>De m\u00eame, sur l\u2019autel ou \u00e0 proximit\u00e9, bien visible pour le peuple assembl\u00e9, il y aura une croix portant l\u2019image du Christ crucifi\u00e9. Il est pr\u00e9f\u00e9rable que cette croix, qui rappelle \u00e0 l\u2019esprit des fid\u00e8les la passion salutaire du Seigneur, reste pr\u00e8s de l\u2019autel m\u00eame en dehors des c\u00e9l\u00e9brations liturgiques[1]. \u00ab La croix et les [&hellip;]<\/p>\n","protected":false},"author":1,"featured_media":0,"comment_status":"open","ping_status":"closed","sticky":false,"template":"","format":"standard","meta":{"_mi_skip_tracking":false,"footnotes":""},"categories":[4,66],"tags":[67,75,91],"class_list":["post-292","post","type-post","status-publish","format-standard","hentry","category-principaux-lieux","category-croix","tag-croix","tag-autel","tag-celebration"],"_links":{"self":[{"href":"https:\/\/archiliturgique.fr\/index.php\/wp-json\/wp\/v2\/posts\/292"}],"collection":[{"href":"https:\/\/archiliturgique.fr\/index.php\/wp-json\/wp\/v2\/posts"}],"about":[{"href":"https:\/\/archiliturgique.fr\/index.php\/wp-json\/wp\/v2\/types\/post"}],"author":[{"embeddable":true,"href":"https:\/\/archiliturgique.fr\/index.php\/wp-json\/wp\/v2\/users\/1"}],"replies":[{"embeddable":true,"href":"https:\/\/archiliturgique.fr\/index.php\/wp-json\/wp\/v2\/comments?post=292"}],"version-history":[{"count":1,"href":"https:\/\/archiliturgique.fr\/index.php\/wp-json\/wp\/v2\/posts\/292\/revisions"}],"predecessor-version":[{"id":293,"href":"https:\/\/archiliturgique.fr\/index.php\/wp-json\/wp\/v2\/posts\/292\/revisions\/293"}],"wp:attachment":[{"href":"https:\/\/archiliturgique.fr\/index.php\/wp-json\/wp\/v2\/media?parent=292"}],"wp:term":[{"taxonomy":"category","embeddable":true,"href":"https:\/\/archiliturgique.fr\/index.php\/wp-json\/wp\/v2\/categories?post=292"},{"taxonomy":"post_tag","embeddable":true,"href":"https:\/\/archiliturgique.fr\/index.php\/wp-json\/wp\/v2\/tags?post=292"}],"curies":[{"name":"wp","href":"https:\/\/api.w.org\/{rel}","templated":true}]}}